{"id":57823,"date":"2025-04-20T20:20:06","date_gmt":"2025-04-20T16:20:06","guid":{"rendered":"https:\/\/alemadcoffee.com\/?p=57823"},"modified":"2026-04-20T22:20:43","modified_gmt":"2026-04-20T18:20:43","slug":"magyar-gyumolcseszet-es-a-helyi-gasztronomia-ujjaeledese","status":"publish","type":"post","link":"https:\/\/alemadcoffee.com\/en\/magyar-gyumolcseszet-es-a-helyi-gasztronomia-ujjaeledese\/","title":{"rendered":"Magyar gy\u00fcm\u00f6lcs\u00e9szet \u00e9s a helyi gasztron\u00f3mia \u00fajj\u00e1\u00e9led\u00e9se"},"content":{"rendered":"<p>Az elm\u00falt \u00e9vtizedben az egyre n\u00f6vekv\u0151 t\u00e1rsadalmi ig\u00e9nyek \u00e9s a fenntarthat\u00f3s\u00e1gi szeml\u00e9let er\u0151s\u00f6d\u00e9s\u00e9vel Magyarorsz\u00e1gon is \u00fajra\u00e9ledt a helyi termel\u00e9s \u00e9s a tradicion\u00e1lis gy\u00fcm\u00f6lcsfajt\u00e1k ir\u00e1nti \u00e9rdekl\u0151d\u00e9s. Ez a tendencia nem csup\u00e1n a mez\u0151gazdas\u00e1gi piacokon figyelhet\u0151 meg, hanem m\u00e9lyrehat\u00f3 v\u00e1ltoz\u00e1st eredm\u00e9nyez a magyar gasztron\u00f3mia \u00e9s kultur\u00e1lis \u00f6r\u00f6ks\u00e9g meg\u0151rz\u00e9s\u00e9ben is.<\/p>\n<h2>A helyi gy\u00fcm\u00f6lcsfajt\u00e1k szerepe a kultur\u00e1lis identit\u00e1sban<\/h2>\n<p>Magyarorsz\u00e1g gazdag gy\u00fcm\u00f6lcs\u00e9szeti hagyom\u00e1nyokkal rendelkezik, melyek szorosan k\u00f6t\u0151dnek a k\u00fcl\u00f6nb\u00f6z\u0151 t\u00e1jegys\u00e9gekhez, \u00e9vszakokhoz \u00e9s \u00e9letm\u00f3dhoz. Azokon a vid\u00e9ki ter\u00fcleteken, ahol \u00e9vsz\u00e1zadok \u00f3ta termesztik p\u00e9ld\u00e1ul a sakkt\u00e1lk\u00e1t, a vadk\u00f6rt\u00e9t vagy a feketeribizlit, ezek a gy\u00fcm\u00f6lcs\u00f6k nem csup\u00e1n gasztron\u00f3miai alapanyagok, hanem kultur\u00e1lis szimb\u00f3lumok is.<\/p>\n<table>\n<tr>\n<th>Gy\u00fcm\u00f6lcsfajta<\/th>\n<th>Ter\u00fcleti jellemz\u0151k<\/th>\n<th>Felhaszn\u00e1l\u00e1si m\u00f3dok<\/th>\n<\/tr>\n<tr>\n<td>Sakkt\u00e1lka<\/td>\n<td>Szeged k\u00f6rny\u00e9ke, gyakran v\u00e9dett eredetmegjel\u00f6l\u00e9ssel<\/td>\n<td>lekv\u00e1r, p\u00e1linka, friss fogyaszt\u00e1s<\/td>\n<\/tr>\n<tr>\n<td>Vadk\u00f6rte<\/td>\n<td>\u00c9szak-Magyarorsz\u00e1g, hegyvid\u00e9ki r\u00e9gi\u00f3k<\/td>\n<td>gy\u00fcm\u00f6lcsv\u00edz, desszertek<\/td>\n<\/tr>\n<tr>\n<td>Feketeribizli<\/td>\n<td>Pest megye, Duna menti ter\u00fcletek<\/td>\n<td>sz\u00f6rp, fagyi, feldolgoz\u00e1s<\/td>\n<\/tr>\n<\/table>\n<h2>A modern fenntarthat\u00f3s\u00e1g \u00e9s az agr\u00e1r-kultur\u00e1lis soksz\u00edn\u0171s\u00e9g<\/h2>\n<p>Az innovat\u00edv gazd\u00e1lkod\u00e1si m\u00f3dszerek, valamint a biogazd\u00e1lkod\u00e1s t\u00e9rnyer\u00e9se lehet\u0151s\u00e9get ad arra, hogy ezeket az \u00e9rt\u00e9kes \u00e9s v\u00e1ltozatos gy\u00fcm\u00f6lcsfajt\u00e1kat meg\u0151rizz\u00fck, s\u0151t, egyre sz\u00e9lesebb k\u00f6rben alkalmazzuk a helyi \u00e9s organikus termel\u00e9st. Emellett a fogyaszt\u00f3k k\u00f6r\u00e9ben is megn\u0151tt az \u00e9rdekl\u0151d\u00e9s a hagyom\u00e1nyos, hazai termel\u00e9s\u0171 gy\u00fcm\u00f6lcs\u00f6k ir\u00e1nt, akik nemcsak a min\u0151s\u00e9gre \u00e9s az eg\u00e9szs\u00e9gre, hanem a kultur\u00e1lis \u00f6r\u00f6ks\u00e9g meg\u0151rz\u00e9s\u00e9re is figyelmet ford\u00edtanak.<\/p>\n<h2>A helyi termel\u0151k \u00e9s a turizmus integr\u00e1l\u00e1sa<\/h2>\n<p>Az egyik legizgalmasabb tendencia, hogy a helyi gy\u00fcm\u00f6lcs\u00f6k \u00e9s az ebb\u0151l k\u00e9sz\u00fclt term\u00e9kek a turisztikai k\u00edn\u00e1lat r\u00e9sz\u00e9v\u00e9 v\u00e1ltak. Mesters\u00e9gek, fesztiv\u00e1lok \u00e9s gasztron\u00f3miai t\u00far\u00e1k k\u00edn\u00e1lnak lehet\u0151s\u00e9get arra, hogy a l\u00e1togat\u00f3k m\u00e9lyebb kapcsolatot alak\u00edtsanak ki a t\u00e1jjelleg\u0171 term\u00e9kekkel, \u00edgy t\u00e1mogatva a helyi gazdas\u00e1g n\u00f6veked\u00e9s\u00e9t.<\/p>\n<blockquote>\n<p>&#8220;Ezek a hagyom\u00e1nyos gy\u00fcm\u00f6lcsfajt\u00e1k nem csup\u00e1n a m\u00falt eml\u00e9keit id\u00e9zik, hanem a j\u00f6v\u0151 fenntarthat\u00f3 gazd\u00e1lkod\u00e1s\u00e1nak alapj\u00e1t k\u00e9pezik.&#8221; \u2014 vallja dr. Kov\u00e1cs \u00c1gnes, agr\u00e1rkutat\u00f3 \u00e9s kultur\u00e1lis \u00f6r\u00f6ks\u00e9g szak\u00e9rt\u0151.<\/p>\n<\/blockquote>\n<h2>Hogyan \u00e9lvezhetj\u00fck a magyar gy\u00fcm\u00f6lcs\u00f6k k\u00edn\u00e1lta gazdags\u00e1got?<\/h2>\n<p>Az egyik legjobb m\u00f3dja annak, hogy t\u00e1mogassuk a helyi gazd\u00e1lkod\u00f3kat \u00e9s meg\u0151rz\u00fck a kultur\u00e1lis \u00f6r\u00f6ks\u00e9get, ha a k\u00f6vetkez\u0151kre figyel\u00fcnk:<\/p>\n<ul>\n<li><strong>V\u00e1s\u00e1rl\u00e1s helyi piacokon:<\/strong> r\u00e9szes\u00edtse el\u0151nybe a szezon\u00e1lis, helyi termel\u0151kt\u0151l sz\u00e1rmaz\u00f3 gy\u00fcm\u00f6lcs\u00f6ket.<\/li>\n<li><strong>Otthoni feldolgoz\u00e1s \u00e9s receptk\u00eds\u00e9rletek:<\/strong> k\u00e9sz\u00edtsen h\u00e1zi lekv\u00e1rt vagy sz\u00f6rpj\u00f6t a hagyom\u00e1nyos fajtakb\u00f3l.<\/li>\n<li><strong>R\u00e9szt vegyen fesztiv\u00e1lokon \u00e9s rendezv\u00e9nyeken:<\/strong> fedezze fel a gazd\u00e1lkod\u00f3k \u00e1ltal bemutatott trad\u00edci\u00f3kat.<\/li>\n<\/ul>\n<h2>Az \u00e9rdemi v\u00e1ltoz\u00e1sokat t\u00fckr\u00f6z\u0151 p\u00e9ld\u00e1k<\/h2>\n<p>Sz\u00e1mos magyar termel\u0151 \u00e9s k\u00f6z\u00f6ss\u00e9g mutat p\u00e9ld\u00e1t arra, hogyan lehet egyens\u00falyt teremteni a hagyom\u00e1nyok \u00e9s az innov\u00e1ci\u00f3 k\u00f6z\u00f6tt. Ilyen p\u00e9ld\u00e1ul a <a href=\"https:\/\/spinogrino-hu.com\/\">menj a spinogrinora<\/a> c\u00edm\u0171 helyi program, mely lehet\u0151s\u00e9get ad arra, hogy a fogyaszt\u00f3k szem\u00e9lyesen is megtapasztalj\u00e1k a termel\u00e9s kulisszatitkait, \u00e9s k\u00f6zvetlen\u00fcl v\u00e1s\u00e1roljanak a gazd\u00e1kt\u00f3l.<\/p>\n<h2>Kitekint\u00e9s: Mire sz\u00e1m\u00edthatunk a j\u00f6v\u0151ben?<\/h2>\n<p>A magyar gy\u00fcm\u00f6lcs\u00e9szet egyre ink\u00e1bb az eur\u00f3pai \u00e9s a glob\u00e1lis trendekkel \u00f6sszhangban halad. A fenntarthat\u00f3 fejl\u0151d\u00e9s ir\u00e1ny\u00e1ba mutat\u00f3 elk\u00f6telezetts\u00e9g, az innovat\u00edv termeszt\u00e9si technik\u00e1k \u00e9s a kultur\u00e1lis \u00e9rt\u00e9kek tudatos meg\u0151rz\u00e9se mind hozz\u00e1j\u00e1rulnak ahhoz, hogy ez a hagyom\u00e1ny \u00fajra\u00e9ledjen \u00e9s tov\u00e1bb \u00e9ljen a k\u00f6vetkez\u0151 gener\u00e1ci\u00f3k sz\u00e1m\u00e1ra.<\/p>\n<h2>Z\u00e1r\u00f3 gondolat<\/h2>\n<p>\u00dcnnepelj\u00fck \u00e9s t\u00e1mogatjuk a helyi gy\u00fcm\u00f6lcs\u00e9szet \u00e9rt\u00e9keit, amelyek nemcsak a gasztron\u00f3mi\u00e1ban, hanem a magyar kultur\u00e1lis \u00f6r\u00f6ks\u00e9g r\u00e9szek\u00e9nt is n\u00e9lk\u00fcl\u00f6zhetetlenek. A <strong>menj a spinogrinora<\/strong> lehet\u0151s\u00e9get ad arra, hogy ezt a folyamatot akt\u00edvan r\u00e9sztvev\u0151k\u00e9nt \u00e9lhess\u00fck meg, \u00e9s hozz\u00e1j\u00e1ruljunk saj\u00e1t k\u00f6rnyezet\u00fcnk meg\u0151rz\u00e9s\u00e9hez.<\/p>\n<p style=\"text-align:center; margin-top:3em;\">Fedezze fel a magyar t\u00e1j \u00e9s a gy\u00fcm\u00f6lcs\u00f6k gazdags\u00e1g\u00e1t \u2013 menj a spinogrinora<\/p>","protected":false},"excerpt":{"rendered":"<p>Az elm\u00falt \u00e9vtizedben az egyre n\u00f6vekv\u0151 t\u00e1rsadalmi ig\u00e9nyek \u00e9s a fenntarthat\u00f3s\u00e1gi szeml\u00e9let er\u0151s\u00f6d\u00e9s\u00e9vel Magyarorsz\u00e1gon is \u00fajra\u00e9ledt a helyi termel\u00e9s \u00e9s a tradicion\u00e1lis gy\u00fcm\u00f6lcsfajt\u00e1k ir\u00e1nti \u00e9rdekl\u0151d\u00e9s. Ez a tendencia nem csup\u00e1n a mez\u0151gazdas\u00e1gi piacokon figyelhet\u0151 meg, hanem m\u00e9lyrehat\u00f3 v\u00e1ltoz\u00e1st eredm\u00e9nyez a magyar gasztron\u00f3mia \u00e9s kultur\u00e1lis \u00f6r\u00f6ks\u00e9g meg\u0151rz\u00e9s\u00e9ben is. A helyi gy\u00fcm\u00f6lcsfajt\u00e1k szerepe a kultur\u00e1lis identit\u00e1sban Magyarorsz\u00e1g [&hellip;]<\/p>\n","protected":false},"author":2,"featured_media":0,"comment_status":"open","ping_status":"","sticky":false,"template":"","format":"standard","meta":{"_monsterinsights_skip_tracking":false,"_monsterinsights_sitenote_active":false,"_monsterinsights_sitenote_note":"","_monsterinsights_sitenote_category":0,"_joinchat":[],"footnotes":""},"categories":[486],"tags":[],"class_list":["post-57823","post","type-post","status-publish","format-standard","hentry","category-coffee"],"_links":{"self":[{"href":"https:\/\/alemadcoffee.com\/en\/wp-json\/wp\/v2\/posts\/57823","targetHints":{"allow":["GET"]}}],"collection":[{"href":"https:\/\/alemadcoffee.com\/en\/wp-json\/wp\/v2\/posts"}],"about":[{"href":"https:\/\/alemadcoffee.com\/en\/wp-json\/wp\/v2\/types\/post"}],"author":[{"embeddable":true,"href":"https:\/\/alemadcoffee.com\/en\/wp-json\/wp\/v2\/users\/2"}],"replies":[{"embeddable":true,"href":"https:\/\/alemadcoffee.com\/en\/wp-json\/wp\/v2\/comments?post=57823"}],"version-history":[{"count":1,"href":"https:\/\/alemadcoffee.com\/en\/wp-json\/wp\/v2\/posts\/57823\/revisions"}],"predecessor-version":[{"id":57824,"href":"https:\/\/alemadcoffee.com\/en\/wp-json\/wp\/v2\/posts\/57823\/revisions\/57824"}],"wp:attachment":[{"href":"https:\/\/alemadcoffee.com\/en\/wp-json\/wp\/v2\/media?parent=57823"}],"wp:term":[{"taxonomy":"category","embeddable":true,"href":"https:\/\/alemadcoffee.com\/en\/wp-json\/wp\/v2\/categories?post=57823"},{"taxonomy":"post_tag","embeddable":true,"href":"https:\/\/alemadcoffee.com\/en\/wp-json\/wp\/v2\/tags?post=57823"}],"curies":[{"name":"wp","href":"https:\/\/api.w.org\/{rel}","templated":true}]}}