{"id":57397,"date":"2025-04-20T19:32:00","date_gmt":"2025-04-20T15:32:00","guid":{"rendered":"https:\/\/alemadcoffee.com\/?p=57397"},"modified":"2026-04-20T21:32:38","modified_gmt":"2026-04-20T17:32:38","slug":"az-5g-technologia-fejlodese-es-hazai-perspektivai","status":"publish","type":"post","link":"https:\/\/alemadcoffee.com\/en\/az-5g-technologia-fejlodese-es-hazai-perspektivai\/","title":{"rendered":"Az 5G technol\u00f3gia fejl\u0151d\u00e9se \u00e9s hazai perspekt\u00edv\u00e1i"},"content":{"rendered":"<p>Az \u00f6t\u00f6dik gener\u00e1ci\u00f3s mobilh\u00e1l\u00f3zatok, azaz az <strong>5G<\/strong> fejleszt\u00e9se \u00e9s elterjed\u00e9se jelent\u0151s m\u00e9rf\u00f6ldk\u0151 a digit\u00e1lis \u00e1t\u00e1ll\u00e1sban. A technol\u00f3gia nemcsak a gyorsabb adat\u00e1tvitelt teszi lehet\u0151v\u00e9, hanem alapvet\u0151 v\u00e1ltoz\u00e1sokat hoz az ipar\u00e1gakban, az okos megold\u00e1sokban \u00e9s a mindennapi \u00e9letben is. Ez a cikk m\u00e9lyebben vizsg\u00e1lja az 5G glob\u00e1lis trendjeit, hazai kih\u00edv\u00e1sait \u00e9s lehet\u0151s\u00e9geit, k\u00fcl\u00f6n\u00f6sen az innovat\u00edv tartalomk\u00e9sz\u00edt\u00e9s \u00e9s digit\u00e1lis szolg\u00e1ltat\u00e1sok szempontj\u00e1b\u00f3l.<\/p>\n<h2>Az 5G technol\u00f3gia fejleszt\u00e9s\u00e9nek nemzetk\u00f6zi ir\u00e1nyai<\/h2>\n<p>Az elm\u00falt \u00e9vekben t\u00f6bb orsz\u00e1g jelent\u0151s beruh\u00e1z\u00e1sokat tett az 5G infrastrukt\u00fara ki\u00e9p\u00edt\u00e9s\u00e9be. Az ITU (Nemzetk\u00f6zi Telek\u00f3municationsz\u00f6vets\u00e9g) adatai szerint 2023-ban vil\u00e1gszerte t\u00f6bb mint 150 orsz\u00e1gban volt el\u00e9rhet\u0151 az 5G, m\u00edg a 4G h\u00e1l\u00f3zatok ki\u00e9p\u00edt\u00e9se k\u00f6zel teljes m\u00e9rt\u00e9kben megt\u00f6rt\u00e9nt. Eur\u00f3p\u00e1ban, k\u00fcl\u00f6n\u00f6sen az EU-tag\u00e1llamokban, a digit\u00e1lis gazdas\u00e1g versenyk\u00e9pess\u00e9g\u00e9nek kulcseleme az 5G teh\u00e1t kulcsfontoss\u00e1g\u00fa szerepet t\u00f6lt be.<\/p>\n<h2>Mi\u00e9rt fontos a digit\u00e1lis tartalom \u00e9s technol\u00f3giai innov\u00e1ci\u00f3?<\/h2>\n<p>A magas sz\u00ednvonal\u00fa digit\u00e1lis tartalom, bele\u00e9rtve a m\u00e9di\u00e1t, az oktat\u00e1st \u00e9s az online szolg\u00e1ltat\u00e1sokat, alapvet\u0151 piller\u00e9v\u00e9 v\u00e1lt a digit\u00e1lis j\u00f3l\u00e9tnek. Az 5G lehet\u0151s\u00e9get ad a hat\u00e9konyabb adattov\u00e1bb\u00edt\u00e1sra, ami lehet\u0151v\u00e9 teszi az interakt\u00edv tartalmak, p\u00e9ld\u00e1ul a HD vide\u00f3k, virtu\u00e1lis val\u00f3s\u00e1g (VR) \u00e9s a mesters\u00e9ges intelligencia (MI) alap\u00fa alkalmaz\u00e1sok gyors \u00e9s z\u00f6kken\u0151mentes m\u0171k\u00f6d\u00e9s\u00e9t.<\/p>\n<p>Az ipar 4.0, az okos v\u00e1rosok, valamint az eg\u00e9szs\u00e9g\u00fcgyi \u00e9s oktat\u00e1si szektor digitaliz\u00e1ci\u00f3ja mind f\u00fcgg az 5G azonnali, megb\u00edzhat\u00f3 adatforgalm\u00e1t\u00f3l. A hazai piacon ez k\u00fcl\u00f6n\u00f6sen fontos, hiszen az innov\u00e1ci\u00f3k t\u00e1mogat\u00e1s\u00e1val Magyarorsz\u00e1g is versenyk\u00e9pesebb\u00e9 v\u00e1lhat a nemzetk\u00f6zi piacon.<\/p>\n<h2>Megfelel\u0151 infrastrukt\u00fara ki\u00e9p\u00edt\u00e9se Magyarorsz\u00e1gon<\/h2>\n<table>\n<tr>\n<th>Fejleszt\u00e9si \u00e1llapot<\/th>\n<th>Le\u00edr\u00e1s<\/th>\n<th>El\u00e9rhet\u0151 p\u00e9ld\u00e1k<\/th>\n<\/tr>\n<tr>\n<td>Telekommunik\u00e1ci\u00f3s h\u00e1l\u00f3zatok<\/td>\n<td>Az orsz\u00e1gban folyamatos az 5G infrastrukt\u00fara fejleszt\u00e9se, de a lefedetts\u00e9g egyenl\u0151tlen<\/td>\n<td>Budapesten m\u00e1r t\u00f6bb 5G-k\u00e9pes v\u00e1rosi k\u00f6rnyezet van, vid\u00e9ki ter\u00fcleteken lassabban halad<\/td>\n<\/tr>\n<tr>\n<td>Innovat\u00edv tartalomk\u00e9sz\u00edt\u00e9s<\/td>\n<td>\u00daj m\u00e9diatechnol\u00f3gi\u00e1k integr\u00e1l\u00e1sa t\u00e1mogatja a digit\u00e1lis tartalomgy\u00e1rt\u00e1st<\/td>\n<td>K\u00fcl\u00f6nf\u00e9le VR- \u00e9s AR-es projektek indulnak hazai int\u00e9zm\u00e9nyekben<\/td>\n<\/tr>\n<\/table>\n<h2>Hogyan hat az 5G a digit\u00e1lis tartalomk\u00e9sz\u00edt\u00e9sre?<\/h2>\n<p>Az 5G lehet\u0151v\u00e9 teszi a sokoldal\u00fa, real-time tartalomgy\u00e1rt\u00e1st, mely jelent\u0151sen megn\u00f6veli a m\u00e9diac\u00e9geken \u00e9s alkot\u00f3kon az innov\u00e1ci\u00f3s lehet\u0151s\u00e9geket. K\u00e9pzelj\u00fcnk el egy olyan \u00e9l\u0151 k\u00f6zvet\u00edt\u00e9st, ahol a t\u00f6bb kamer\u00e1s, VR-felv\u00e9telek \u00e9s interakt\u00edv elemek g\u00f6rd\u00fcl\u00e9kenyen m\u0171k\u00f6dnek, azaz a k\u00f6z\u00f6ns\u00e9g val\u00f3ban \u00e1t\u00e9lheti a t\u00f6rt\u00e9n\u00e9seket.<\/p>\n<blockquote><p>&#8220;Az 5G fejl\u0151d\u00e9se a digit\u00e1lis tartalomgy\u00e1rt\u00e1s sz\u00ednter\u00e9t alapjaiban v\u00e1ltoztatja meg, lehet\u0151s\u00e9get adva a dinamikus, val\u00f3s idej\u0171 \u00e9lm\u00e9nyek \u00e9s az interakt\u00edv tartalmak gyors, megb\u00edzhat\u00f3 megoszt\u00e1s\u00e1ra.&#8221; \u2014 szak\u00e9rt\u0151 tapasztalatok<\/p><\/blockquote>\n<h2>El\u0151ny\u00f6k \u00e9s kih\u00edv\u00e1sok<\/h2>\n<ul>\n<li><strong>El\u0151ny\u00f6k:<\/strong> Gyors adat\u00e1tvitel, alacsony k\u00e9sleltet\u00e9s, \u00faj lehet\u0151s\u00e9gek a tartalomfejleszt\u00e9sben<\/li>\n<li><strong>Kih\u00edv\u00e1sok:<\/strong> Infrastrukt\u00fara fejleszt\u00e9se finansz\u00edroz\u00e1si k\u00e9rd\u00e9sek, adatbiztons\u00e1g, \u00e9s a digit\u00e1lis \u00e1t\u00e1ll\u00e1s gyorsas\u00e1ga<\/li>\n<\/ul>\n<h2>Mi a k\u00f6vetkez\u0151 l\u00e9p\u00e9s?<\/h2>\n<p>Az 5G technol\u00f3gia bevezet\u00e9se nem csup\u00e1n infrastrukt\u00fara k\u00e9rd\u00e9se, hanem annak strat\u00e9giai alkalmaz\u00e1sa a helyi innov\u00e1ci\u00f3 \u00e9s tartalomfejleszt\u00e9s szolg\u00e1lat\u00e1ban is. A magyar m\u00e9dia- \u00e9s infotechnol\u00f3giai szektor sz\u00e1m\u00e1ra ez lehet\u0151s\u00e9get teremt a nemzetk\u00f6zi m\u00e9rc\u00e9hez val\u00f3 felz\u00e1rk\u00f3z\u00e1sra, s\u0151t, ak\u00e1r vezet\u0151 poz\u00edci\u00f3k el\u00e9r\u00e9s\u00e9re ezen a ter\u00fcleten.<\/p>\n<p>\u00c9rdemes olyan platformokat \u00e9s szolg\u00e1ltat\u00e1sokat is figyelemmel k\u00eds\u00e9rni, amelyek a legkorszer\u0171bb technol\u00f3giai megold\u00e1sokat alkalmazz\u00e1k. Amennyiben \u00e9rdekelnek a leg\u00fajabb fejlem\u00e9nyek \u00e9s a r\u00e9szletes szakmai \u00e1ttekint\u00e9sek, <a href=\"https:\/\/5gringos-magyar.com\/\" title=\"megn\u00e9zem az oldalt\">megn\u00e9zem az oldalt<\/a>.<\/p>\n<h2>\u00d6sszegz\u00e9s<\/h2>\n<p>Az 5G elterjed\u00e9se a magyar digit\u00e1lis sz\u00ednt\u00e9ren is komoly fejl\u0151d\u00e9st hozhat az innovat\u00edv tartalomk\u00e9sz\u00edt\u00e9s \u00e9s a szolg\u00e1ltat\u00e1sok ter\u00e9n. A technol\u00f3gia meg\u00e9rt\u00e9se, a megfelel\u0151 infrastrukt\u00fara ki\u00e9p\u00edt\u00e9se, valamint a helyi \u00e9s nemzetk\u00f6zi egy\u00fcttm\u0171k\u00f6d\u00e9sek teszik lehet\u0151v\u00e9, hogy Magyarorsz\u00e1g ne csak alkalmazza, hanem vezet\u0151 szerepbe is ker\u00fclj\u00f6n ezen az innovat\u00edv ter\u00fcleten.<\/p>\n<p>Ez\u00e9rt ha szeretn\u00e9l m\u00e9lyebben megismerni a technol\u00f3gia aktu\u00e1lis helyzet\u00e9t, \u00e9s olyan forr\u00e1sokat, amelyek szakmai szempontb\u00f3l is megb\u00edzhat\u00f3ak, b\u00e1tran megn\u00e9zem az oldalt.<\/p>","protected":false},"excerpt":{"rendered":"<p>Az \u00f6t\u00f6dik gener\u00e1ci\u00f3s mobilh\u00e1l\u00f3zatok, azaz az 5G fejleszt\u00e9se \u00e9s elterjed\u00e9se jelent\u0151s m\u00e9rf\u00f6ldk\u0151 a digit\u00e1lis \u00e1t\u00e1ll\u00e1sban. A technol\u00f3gia nemcsak a gyorsabb adat\u00e1tvitelt teszi lehet\u0151v\u00e9, hanem alapvet\u0151 v\u00e1ltoz\u00e1sokat hoz az ipar\u00e1gakban, az okos megold\u00e1sokban \u00e9s a mindennapi \u00e9letben is. Ez a cikk m\u00e9lyebben vizsg\u00e1lja az 5G glob\u00e1lis trendjeit, hazai kih\u00edv\u00e1sait \u00e9s lehet\u0151s\u00e9geit, k\u00fcl\u00f6n\u00f6sen az innovat\u00edv tartalomk\u00e9sz\u00edt\u00e9s \u00e9s [&hellip;]<\/p>\n","protected":false},"author":2,"featured_media":0,"comment_status":"open","ping_status":"","sticky":false,"template":"","format":"standard","meta":{"_monsterinsights_skip_tracking":false,"_monsterinsights_sitenote_active":false,"_monsterinsights_sitenote_note":"","_monsterinsights_sitenote_category":0,"_joinchat":[],"footnotes":""},"categories":[486],"tags":[],"class_list":["post-57397","post","type-post","status-publish","format-standard","hentry","category-coffee"],"_links":{"self":[{"href":"https:\/\/alemadcoffee.com\/en\/wp-json\/wp\/v2\/posts\/57397","targetHints":{"allow":["GET"]}}],"collection":[{"href":"https:\/\/alemadcoffee.com\/en\/wp-json\/wp\/v2\/posts"}],"about":[{"href":"https:\/\/alemadcoffee.com\/en\/wp-json\/wp\/v2\/types\/post"}],"author":[{"embeddable":true,"href":"https:\/\/alemadcoffee.com\/en\/wp-json\/wp\/v2\/users\/2"}],"replies":[{"embeddable":true,"href":"https:\/\/alemadcoffee.com\/en\/wp-json\/wp\/v2\/comments?post=57397"}],"version-history":[{"count":1,"href":"https:\/\/alemadcoffee.com\/en\/wp-json\/wp\/v2\/posts\/57397\/revisions"}],"predecessor-version":[{"id":57398,"href":"https:\/\/alemadcoffee.com\/en\/wp-json\/wp\/v2\/posts\/57397\/revisions\/57398"}],"wp:attachment":[{"href":"https:\/\/alemadcoffee.com\/en\/wp-json\/wp\/v2\/media?parent=57397"}],"wp:term":[{"taxonomy":"category","embeddable":true,"href":"https:\/\/alemadcoffee.com\/en\/wp-json\/wp\/v2\/categories?post=57397"},{"taxonomy":"post_tag","embeddable":true,"href":"https:\/\/alemadcoffee.com\/en\/wp-json\/wp\/v2\/tags?post=57397"}],"curies":[{"name":"wp","href":"https:\/\/api.w.org\/{rel}","templated":true}]}}