{"id":57351,"date":"2025-04-20T19:28:29","date_gmt":"2025-04-20T15:28:29","guid":{"rendered":"https:\/\/alemadcoffee.com\/?p=57351"},"modified":"2026-04-20T21:28:31","modified_gmt":"2026-04-20T17:28:31","slug":"nemzetkozi-madartani-es-termeszetvedelmi-kerdesek-magyarorszagon-szakertoi-attekintes","status":"publish","type":"post","link":"https:\/\/alemadcoffee.com\/en\/nemzetkozi-madartani-es-termeszetvedelmi-kerdesek-magyarorszagon-szakertoi-attekintes\/","title":{"rendered":"Nemzetk\u00f6zi Mad\u00e1rtani \u00e9s Term\u00e9szetv\u00e9delmi K\u00e9rd\u00e9sek Magyarorsz\u00e1gon: Szak\u00e9rt\u0151i \u00c1ttekint\u00e9s"},"content":{"rendered":"<p>Magyarorsz\u00e1g, mint a kontinens k\u00f6zep\u00e9n elhelyezked\u0151 orsz\u00e1g, k\u00fcl\u00f6nleges szerepet t\u00f6lt be Eur\u00f3pa mad\u00e1rvil\u00e1g\u00e1ban \u00e9s term\u00e9szetv\u00e9delm\u00e9ben. A glob\u00e1lis k\u00f6rnyezeti kih\u00edv\u00e1sok mellett nemcsak helyi, hanem nemzetk\u00f6zi szinten is jelent\u0151s figyelmet kapnak a k\u00e9rd\u00e9sek, amelyek a biodiverzit\u00e1s meg\u0151rz\u00e9s\u00e9t \u00e9s a fenntarthat\u00f3s\u00e1got \u00e9rintik. Ebben a cikkben \u00e1ttekintj\u00fck, hogy milyen aktu\u00e1lis kih\u00edv\u00e1sok \u00e9s lehet\u0151s\u00e9gek \u00e1llnak Magyarorsz\u00e1g el\u0151tt ezen a t\u00e9ren, k\u00fcl\u00f6n hangs\u00falyt fektetve a gyakran feltett k\u00e9rd\u00e9sekre, amelyek seg\u00edtenek a lakoss\u00e1gnak, szakembereknek \u00e9s d\u00f6nt\u00e9shoz\u00f3knak eligazodni a komplex term\u00e9szetv\u00e9delmi k\u00e9rd\u00e9sekben.<\/p>\n<div class=\"section\">\n<h2>A glob\u00e1lis \u00e9s hazai mad\u00e1rv\u00e9delmi kih\u00edv\u00e1sok<\/h2>\n<p>Az \u00e9ghajlatv\u00e1ltoz\u00e1s, az \u00e9l\u0151helypusztul\u00e1s \u00e9s az illeg\u00e1lis vad\u00e1szat mind komoly kih\u00edv\u00e1sokat jelentenek a magyar \u00e9s eur\u00f3pai mad\u00e1rpopul\u00e1ci\u00f3k sz\u00e1m\u00e1ra. Egy p\u00e9ld\u00e1t v\u00e9ve, az \u00e9tat de la biodiversit\u00e9 (a biodiverzit\u00e1s helyzete) jelent ez\u00e9rt naprak\u00e9sz adatok \u00e9s elemz\u00e9sek alapj\u00e1t k\u00e9pezik a hat\u00e9kony term\u00e9szetv\u00e9delmi strat\u00e9gi\u00e1nak. Magyarorsz\u00e1gon t\u00f6bb sikeres v\u00e9delmi program is folyamatban van, de a probl\u00e9m\u00e1k \u00f6sszetettek \u00e9s az azokra adott v\u00e1laszok multidiszciplin\u00e1ris megk\u00f6zel\u00edt\u00e9st ig\u00e9nyelnek.<\/p>\n<h2>Magyarorsz\u00e1g Mad\u00e1rmegfigyel\u00e9si Adatb\u00e1zisai \u00e9s Kutat\u00e1si Programjai<\/h2>\n<p>A hat\u00e9kony term\u00e9szetv\u00e9delem \u00e9rdek\u00e9ben elengedhetetlen a pontos \u00e9s aktu\u00e1lis adatok gy\u0171jt\u00e9se. Magyarorsz\u00e1gon sz\u00e1mos mad\u00e1rmegfigyel\u00e9si program \u00e9s adatb\u00e1zis m\u0171k\u00f6dik, melyek alapot ny\u00fajtanak a tudom\u00e1nyos kutat\u00e1shoz \u00e9s p\u00e9ld\u00e1ul a nemzetk\u00f6zi egyezm\u00e9nyek betart\u00e1s\u00e1hoz. Ahogy a nemzeti term\u00e9szetv\u00e9delmi strat\u00e9gi\u00e1k kialak\u00edt\u00e1s\u00e1ban is, fontos szerephez jutnak ezek az inform\u00e1ci\u00f3k \u2013 melyek k\u00f6z\u00fcl kiemelked\u0151 lehet\u0151s\u00e9g, hogy ezen t\u00e9nyeket az egyik legkorszer\u0171bb forr\u00e1sk\u00e9nt tal\u00e1lhatjuk meg p\u00e9ld\u00e1ul a <a href=\"https:\/\/wildrobin-magyar.com\/\">https:\/\/wildrobin-magyar.com\/<\/a> oldal\u00e1n, ahol a mad\u00e1rv\u00e9delmi k\u00e9rd\u00e9sekkel kapcsolatos gyakran ism\u00e9telt k\u00e9rd\u00e9seket, illetve szakmai esettanulm\u00e1nyokat \u00e9rdemes tanulm\u00e1nyozni.<\/p>\n<\/div>\n<div class=\"section\">\n<h2>A &#8220;wildrobin gyakori k\u00e9rd\u00e9sek&#8221; \u00e9s szerepe a szak\u00e9rt\u0151i t\u00e1j\u00e9koztat\u00e1sban<\/h2>\n<p>Az \u00f6sszetett k\u00e9rd\u00e9sekre adott v\u00e1laszok alapj\u00e1t ne csak a tudom\u00e1nyos eredm\u00e9nyek adj\u00e1k, hanem az \u00e9rt\u00e9kes kommunik\u00e1ci\u00f3s platformok is. A wildrobin gyakori k\u00e9rd\u00e9sek oldal kiv\u00e1l\u00f3 p\u00e9ld\u00e1ja annak a trendnek, amikor a szak\u00e9rt\u0151i v\u00e1laszokat \u00e9rthet\u0151, k\u00f6z\u00e9rthet\u0151 form\u00e1ban teszik el\u00e9rhet\u0151v\u00e9 a nagyk\u00f6z\u00f6ns\u00e9g sz\u00e1m\u00e1ra. Ez a tartalom k\u00fcl\u00f6n\u00f6sen fontos a magyar term\u00e9szetv\u00e9delmi tudatoss\u00e1g n\u00f6vel\u00e9s\u00e9ben, mivel seg\u00edt az embereknek meg\u00e9rteni a helyi probl\u00e9m\u00e1k \u00f6sszetetts\u00e9g\u00e9t, \u00e9s arra \u00f6szt\u00f6n\u00f6znek, hogy akt\u00edv szerepet v\u00e1llaljanak saj\u00e1t k\u00f6rnyezet\u00fck v\u00e9delm\u00e9ben.<\/p>\n<blockquote><p>\n\u201eA t\u00e1j\u00e9kozott lakoss\u00e1g nagyobb es\u00e9llyel fogadja el a v\u00e1ltoztat\u00e1sokat, \u00e9s hajland\u00f3 r\u00e9szt venni a k\u00f6z\u00f6ss\u00e9gi term\u00e9szetv\u00e9delmi akci\u00f3kban.\u201d\n<\/p><\/blockquote>\n<\/div>\n<div class=\"section\">\n<h2>Az oktat\u00e1s \u00e9s kommunik\u00e1ci\u00f3 szerepe a term\u00e9szetv\u00e9delemben<\/h2>\n<p>A sikeres term\u00e9szetv\u00e9delmi strat\u00e9gi\u00e1k alapja a megfelel\u0151 oktat\u00e1s \u00e9s kommunik\u00e1ci\u00f3. A meg\u00e9rt\u00e9s, a bizalom \u00e9s az egy\u00fcttm\u0171k\u00f6d\u00e9s elnyer\u00e9se c\u00e9lj\u00e1b\u00f3l fontos, hogy hiteles \u00e9s naprak\u00e9sz inform\u00e1ci\u00f3k \u00e1lljanak rendelkez\u00e9sre. Ebben a kontextusban a gyakran ism\u00e9telt k\u00e9rd\u00e9sek, mint p\u00e9ld\u00e1ul az oldalunkon, hat\u00e9kony t\u00e1j\u00e9koztat\u00e1si m\u00f3dszerek lehetnek, amelyek er\u0151s\u00edtik az \u00f6kol\u00f3giai tudatoss\u00e1got. Emellett a digit\u00e1lis eszk\u00f6z\u00f6k, mint a t\u00e9m\u00e1ban relev\u00e1ns online platformok, elengedhetetlenek a sz\u00e9les k\u00f6r\u0171 \u00e9s hozz\u00e1f\u00e9rhet\u0151 kommunik\u00e1ci\u00f3hoz.<\/p>\n<\/div>\n<div class=\"section\">\n<h2>\u00d6sszegz\u00e9s: A fenntarthat\u00f3 j\u00f6v\u0151\u00e9rt tett l\u00e9p\u00e9sek Magyarorsz\u00e1gon<\/h2>\n<p>Magyarorsz\u00e1g jelenleg is a nemzetk\u00f6zi mad\u00e1rv\u00e9delmi egyezm\u00e9nyek, p\u00e9ld\u00e1ul az EU Biodiverzit\u00e1si Strat\u00e9gi\u00e1k \u00e9s az \u00c9szak-dunai mad\u00e1rv\u00e9delmi programok akt\u00edv r\u00e9sztvev\u0151je. A megfelel\u0151 inform\u00e1lts\u00e1g, a tudom\u00e1nyos kutat\u00e1s \u00e9s a nyilv\u00e1noss\u00e1g bevon\u00e1sa kiemelten fontos a sikeres term\u00e9szetv\u00e9delmi int\u00e9zked\u00e9sek megval\u00f3s\u00edt\u00e1s\u00e1ban. Az olyan forr\u00e1sok, mint a wildrobin gyakori k\u00e9rd\u00e9sek, hozz\u00e1j\u00e1rulnak ahhoz, hogy a szakemberek \u00e9s az \u00e9rdekl\u0151d\u0151 nagyk\u00f6z\u00f6ns\u00e9g egyar\u00e1nt naprak\u00e9sz, hiteles \u00e9s megalapozott tud\u00e1sra tegyen szert, ez\u00e1ltal t\u00e1mogatva a fenntarthat\u00f3 j\u00f6v\u0151t Magyarorsz\u00e1gon.<\/p>\n<\/div>","protected":false},"excerpt":{"rendered":"<p>Magyarorsz\u00e1g, mint a kontinens k\u00f6zep\u00e9n elhelyezked\u0151 orsz\u00e1g, k\u00fcl\u00f6nleges szerepet t\u00f6lt be Eur\u00f3pa mad\u00e1rvil\u00e1g\u00e1ban \u00e9s term\u00e9szetv\u00e9delm\u00e9ben. A glob\u00e1lis k\u00f6rnyezeti kih\u00edv\u00e1sok mellett nemcsak helyi, hanem nemzetk\u00f6zi szinten is jelent\u0151s figyelmet kapnak a k\u00e9rd\u00e9sek, amelyek a biodiverzit\u00e1s meg\u0151rz\u00e9s\u00e9t \u00e9s a fenntarthat\u00f3s\u00e1got \u00e9rintik. Ebben a cikkben \u00e1ttekintj\u00fck, hogy milyen aktu\u00e1lis kih\u00edv\u00e1sok \u00e9s lehet\u0151s\u00e9gek \u00e1llnak Magyarorsz\u00e1g el\u0151tt ezen a t\u00e9ren, [&hellip;]<\/p>\n","protected":false},"author":2,"featured_media":0,"comment_status":"open","ping_status":"","sticky":false,"template":"","format":"standard","meta":{"_monsterinsights_skip_tracking":false,"_monsterinsights_sitenote_active":false,"_monsterinsights_sitenote_note":"","_monsterinsights_sitenote_category":0,"_joinchat":[],"footnotes":""},"categories":[486],"tags":[],"class_list":["post-57351","post","type-post","status-publish","format-standard","hentry","category-coffee"],"_links":{"self":[{"href":"https:\/\/alemadcoffee.com\/en\/wp-json\/wp\/v2\/posts\/57351","targetHints":{"allow":["GET"]}}],"collection":[{"href":"https:\/\/alemadcoffee.com\/en\/wp-json\/wp\/v2\/posts"}],"about":[{"href":"https:\/\/alemadcoffee.com\/en\/wp-json\/wp\/v2\/types\/post"}],"author":[{"embeddable":true,"href":"https:\/\/alemadcoffee.com\/en\/wp-json\/wp\/v2\/users\/2"}],"replies":[{"embeddable":true,"href":"https:\/\/alemadcoffee.com\/en\/wp-json\/wp\/v2\/comments?post=57351"}],"version-history":[{"count":1,"href":"https:\/\/alemadcoffee.com\/en\/wp-json\/wp\/v2\/posts\/57351\/revisions"}],"predecessor-version":[{"id":57352,"href":"https:\/\/alemadcoffee.com\/en\/wp-json\/wp\/v2\/posts\/57351\/revisions\/57352"}],"wp:attachment":[{"href":"https:\/\/alemadcoffee.com\/en\/wp-json\/wp\/v2\/media?parent=57351"}],"wp:term":[{"taxonomy":"category","embeddable":true,"href":"https:\/\/alemadcoffee.com\/en\/wp-json\/wp\/v2\/categories?post=57351"},{"taxonomy":"post_tag","embeddable":true,"href":"https:\/\/alemadcoffee.com\/en\/wp-json\/wp\/v2\/tags?post=57351"}],"curies":[{"name":"wp","href":"https:\/\/api.w.org\/{rel}","templated":true}]}}