{"id":57073,"date":"2025-04-20T17:31:36","date_gmt":"2025-04-20T13:31:36","guid":{"rendered":"https:\/\/alemadcoffee.com\/?p=57073"},"modified":"2026-04-20T19:31:59","modified_gmt":"2026-04-20T15:31:59","slug":"digitalis-muveszetek-es-kulturalis-innovaciok-magyarorszagon-a-jovo-trendjei","status":"publish","type":"post","link":"https:\/\/alemadcoffee.com\/en\/digitalis-muveszetek-es-kulturalis-innovaciok-magyarorszagon-a-jovo-trendjei\/","title":{"rendered":"Digit\u00e1lis M\u0171v\u00e9szetek \u00e9s Kultur\u00e1lis Innov\u00e1ci\u00f3k Magyarorsz\u00e1gon: A J\u00f6v\u0151 Trendjei"},"content":{"rendered":"<p>Az elm\u00falt \u00e9vtizedben a digit\u00e1lis technol\u00f3gi\u00e1k gyors fejl\u0151d\u00e9se alapjaiban v\u00e1ltoztatja meg a kultur\u00e1lis szf\u00e9r\u00e1t, k\u00fcl\u00f6n\u00f6sen Magyarorsz\u00e1gon, ahol a hagyom\u00e1nyos m\u0171v\u00e9szeti form\u00e1k \u00f6tv\u00f6z\u0151dnek az innovat\u00edv digit\u00e1lis megold\u00e1sokkal. A digit\u00e1lis m\u0171v\u00e9szet nemcsak kreat\u00edv \u00f6nkifejez\u00e9s, hanem kit\u0171n\u0151 lehet\u0151s\u00e9g arra, hogy kultur\u00e1lis tartalmak sz\u00e9lesebb k\u00f6z\u00f6ns\u00e9g sz\u00e1m\u00e1ra el\u00e9rhet\u0151v\u00e9 v\u00e1ljanak, mik\u00f6zben t\u00e1mogatj\u00e1k a hazai m\u0171v\u00e9szek nemzetk\u00f6zi t\u00e9rnyer\u00e9s\u00e9t.<\/p>\n<h2>Magyarorsz\u00e1g Digit\u00e1lis Kultur\u00e1lis Innov\u00e1ci\u00f3i: Stateless Trends \u00e9s Adatok<\/h2>\n<p>Az UNESCO \u00e9s a helyi kultur\u00e1lis int\u00e9zm\u00e9nyek egyar\u00e1nt hangs\u00falyozz\u00e1k, hogy a digit\u00e1lis eszk\u00f6z\u00f6k integr\u00e1ci\u00f3ja kulcsk\u00e9rd\u00e9s a kultur\u00e1lis \u00f6r\u00f6ks\u00e9g meg\u0151rz\u00e9s\u00e9ben \u00e9s a kort\u00e1rs m\u0171v\u00e9szet fejl\u0151d\u00e9s\u00e9ben. Magyarorsz\u00e1gon a Digitaliz\u00e1ci\u00f3s Strat\u00e9gi\u00e1k jelent\u0151s r\u00e9sze f\u00f3kusz\u00e1l arra, hogy a helyi m\u0171v\u00e9szeti projektek, m\u00fazeumok \u00e9s kultur\u00e1lis szervezetek kihaszn\u00e1lj\u00e1k a leg\u00fajabb technol\u00f3gi\u00e1kat.<\/p>\n<table>\n<thead>\n<tr>\n<th>Projekt Neve<\/th>\n<th>C\u00e9lkit\u0171z\u00e9s<\/th>\n<th>Technol\u00f3gia<\/th>\n<th>Eredm\u00e9ny<\/th>\n<\/tr>\n<\/thead>\n<tbody>\n<tr>\n<td>Hungary Virtual Heritage<\/td>\n<td>Kultur\u00e1lis \u00f6r\u00f6ks\u00e9g digit\u00e1lis bemutat\u00e1sa<\/td>\n<td>VR, AR, 3D modellez\u00e9s<\/td>\n<td>Nemzetk\u00f6zi l\u00e1that\u00f3s\u00e1g n\u00f6vel\u00e9se, eduk\u00e1ci\u00f3s kieg\u00e9sz\u00edt\u00e9sek<\/td>\n<\/tr>\n<tr>\n<td>Budapest Digital Arts Hub<\/td>\n<td>Kort\u00e1rs m\u0171v\u00e9szek platformja<\/td>\n<td>Web3, NFT, interakt\u00edv online gal\u00e9ria<\/td>\n<td>Kit\u00f6r\u00e9si lehet\u0151s\u00e9gek a nemzetk\u00f6zi piacon<\/td>\n<\/tr>\n<\/tbody>\n<\/table>\n<p>Az adatok szerint a digit\u00e1lis m\u0171v\u00e9szeti projektek finansz\u00edroz\u00e1sa \u00e9s elfogadotts\u00e1ga n\u00f6vekszik, mely a kultur\u00e1lis export potenci\u00e1lj\u00e1t er\u0151s\u00edti. Az innovat\u00edv technol\u00f3gi\u00e1k alkalmaz\u00e1sa seg\u00edt felk\u00e9sz\u00edteni a magyar kort\u00e1rs m\u0171v\u00e9szetet a glob\u00e1lis digit\u00e1lis gazdas\u00e1g kih\u00edv\u00e1saira.<\/p>\n<h2>Mi\u00e9rt fontos az \u00e1tt\u00f6r\u00e9s a digit\u00e1lis m\u0171v\u00e9szet ter\u00e9n?<\/h2>\n<blockquote><p>\n\u201eA digit\u00e1lis m\u0171v\u00e9szet nem csup\u00e1n eszt\u00e9tikai \u00e9lm\u00e9nyt ny\u00fajt, hanem gazdas\u00e1gi, oktat\u00e1si \u00e9s t\u00e1rsadalmi \u00e9rt\u00e9keket is teremt. Magyarorsz\u00e1g sz\u00e1m\u00e1ra ez egy olyan lehet\u0151s\u00e9g, mely hossz\u00fa t\u00e1von fenntarthat\u00f3 kultur\u00e1lis fejl\u0151d\u00e9st eredm\u00e9nyezhet.\u201d \u2013 Fejleszt\u00e9si szak\u00e9rt\u0151\n<\/p><\/blockquote>\n<p>Az innovat\u00edv digit\u00e1lis tartalmak fejleszt\u00e9se hozz\u00e1j\u00e1rul ahhoz, hogy a magyar kultur\u00e1lis \u00f6r\u00f6ks\u00e9g \u00e9s kort\u00e1rs alkot\u00e1sok nemzetk\u00f6zi szinten is elismer\u00e9st nyerjenek. Ez\u00e9rt is tan\u00e1csos megismerni a leg\u00fajabb hazai platformokat, amelyeket a v\u00e1ltoz\u00f3 technol\u00f3giai trendek kiindul\u00f3pontnak tekintenek.<\/p>\n<p>Ebben a kontextusban, az egyik legkiv\u00e1l\u00f3bb referenciapont a <a href=\"https:\/\/midarion-magyar.com\/\">n\u00e9zd meg az oldalt<\/a> link, ahol r\u00e9szletesen megismerhet\u0151 a magyar digit\u00e1lis m\u0171v\u00e9szetek \u00e9s kultur\u00e1lis innov\u00e1ci\u00f3k sz\u00e9les palett\u00e1ja. Ez az oldal hiteles \u00e9s korszer\u0171 forr\u00e1sk\u00e9nt szolg\u00e1l mindazok sz\u00e1m\u00e1ra, akik komolyan \u00e9rdekl\u0151dnek a magyar kultur\u00e1lis digit\u00e1lis szc\u00e9na ir\u00e1nt.<\/p>\n<h2>A digit\u00e1lis kih\u00edv\u00e1sok \u00e9s lehet\u0151s\u00e9gek Magyarorsz\u00e1gon<\/h2>\n<p>Az akad\u00e1lyok k\u00f6z\u00f6tt szerepel a megfelel\u0151 infrastrukt\u00fara hi\u00e1nya, az oktat\u00e1si rendszer felk\u00e9sz\u00edtetlens\u00e9ge, illetve a finansz\u00edroz\u00e1si neh\u00e9zs\u00e9gek. Ugyanakkor, ezek a kih\u00edv\u00e1sok legy\u0151zhet\u0151k a strat\u00e9giai tervez\u00e9ssel, korm\u00e1nyzati t\u00e1mogat\u00e1ssal \u00e9s a mag\u00e1nszektor bevon\u00e1s\u00e1val.<\/p>\n<ul>\n<li><strong>Infrastrukt\u00fara fejleszt\u00e9se:<\/strong> A gyors internet \u00e9s a modern eszk\u00f6z\u00f6k el\u00e9rhet\u0151s\u00e9ge alapfelt\u00e9tel.<\/li>\n<li><strong>Oktat\u00e1s \u00e9s k\u00e9pz\u00e9s:<\/strong> Digit\u00e1lis k\u00e9szs\u00e9gek fejleszt\u00e9se minden szinten.<\/li>\n<li><strong>Finansz\u00edroz\u00e1s:<\/strong> Innov\u00e1ci\u00f3s alapok \u00e9s t\u00e1mogat\u00e1si lehet\u0151s\u00e9gek b\u0151v\u00edt\u00e9se.<\/li>\n<\/ul>\n<h2>Z\u00e1r\u00f3gondolat: A digitaliz\u00e1ci\u00f3 mint kultur\u00e1lis n\u00f6veked\u00e9si motor<\/h2>\n<p>A magyar kultur\u00e1lis sz\u00ednt\u00e9r a digit\u00e1lis \u00e1talakul\u00e1s lehet\u0151s\u00e9g\u00e9vel \u00e9lhet, ha a megfelel\u0151 ir\u00e1nyokat k\u00e9pviseli. A j\u00f6v\u0151 sikere azon m\u00falik, hogy mennyire tudnak innovat\u00edv, technol\u00f3gia-alap\u00fa projektek teremteni \u00e9rt\u00e9ket \u00e9s el\u00e9rhet\u0151s\u00e9get.<\/p>\n<p>Ha tov\u00e1bbi relev\u00e1ns inform\u00e1ci\u00f3kat szeretne felfedezni a magyar digit\u00e1lis m\u0171v\u00e9szetr\u0151l \u00e9s innov\u00e1ci\u00f3kr\u00f3l, mindenk\u00e9pp n\u00e9zd meg az oldalt.<\/p>\n<div class=\"cta\">\nK\u00f6sz\u00f6nj\u00fck, hogy vel\u00fcnk tartott ebben az \u00e1ttekint\u00e9sben a digit\u00e1lis kultur\u00e1lis j\u00f6v\u0151r\u0151l \u2013 a fejl\u0151d\u00e9s m\u00e9g el\u0151tt\u00fcnk \u00e1ll!\n<\/div>","protected":false},"excerpt":{"rendered":"<p>Az elm\u00falt \u00e9vtizedben a digit\u00e1lis technol\u00f3gi\u00e1k gyors fejl\u0151d\u00e9se alapjaiban v\u00e1ltoztatja meg a kultur\u00e1lis szf\u00e9r\u00e1t, k\u00fcl\u00f6n\u00f6sen Magyarorsz\u00e1gon, ahol a hagyom\u00e1nyos m\u0171v\u00e9szeti form\u00e1k \u00f6tv\u00f6z\u0151dnek az innovat\u00edv digit\u00e1lis megold\u00e1sokkal. A digit\u00e1lis m\u0171v\u00e9szet nemcsak kreat\u00edv \u00f6nkifejez\u00e9s, hanem kit\u0171n\u0151 lehet\u0151s\u00e9g arra, hogy kultur\u00e1lis tartalmak sz\u00e9lesebb k\u00f6z\u00f6ns\u00e9g sz\u00e1m\u00e1ra el\u00e9rhet\u0151v\u00e9 v\u00e1ljanak, mik\u00f6zben t\u00e1mogatj\u00e1k a hazai m\u0171v\u00e9szek nemzetk\u00f6zi t\u00e9rnyer\u00e9s\u00e9t. Magyarorsz\u00e1g Digit\u00e1lis Kultur\u00e1lis Innov\u00e1ci\u00f3i: [&hellip;]<\/p>\n","protected":false},"author":2,"featured_media":0,"comment_status":"open","ping_status":"","sticky":false,"template":"","format":"standard","meta":{"_monsterinsights_skip_tracking":false,"_monsterinsights_sitenote_active":false,"_monsterinsights_sitenote_note":"","_monsterinsights_sitenote_category":0,"_joinchat":[],"footnotes":""},"categories":[486],"tags":[],"class_list":["post-57073","post","type-post","status-publish","format-standard","hentry","category-coffee"],"_links":{"self":[{"href":"https:\/\/alemadcoffee.com\/en\/wp-json\/wp\/v2\/posts\/57073","targetHints":{"allow":["GET"]}}],"collection":[{"href":"https:\/\/alemadcoffee.com\/en\/wp-json\/wp\/v2\/posts"}],"about":[{"href":"https:\/\/alemadcoffee.com\/en\/wp-json\/wp\/v2\/types\/post"}],"author":[{"embeddable":true,"href":"https:\/\/alemadcoffee.com\/en\/wp-json\/wp\/v2\/users\/2"}],"replies":[{"embeddable":true,"href":"https:\/\/alemadcoffee.com\/en\/wp-json\/wp\/v2\/comments?post=57073"}],"version-history":[{"count":1,"href":"https:\/\/alemadcoffee.com\/en\/wp-json\/wp\/v2\/posts\/57073\/revisions"}],"predecessor-version":[{"id":57074,"href":"https:\/\/alemadcoffee.com\/en\/wp-json\/wp\/v2\/posts\/57073\/revisions\/57074"}],"wp:attachment":[{"href":"https:\/\/alemadcoffee.com\/en\/wp-json\/wp\/v2\/media?parent=57073"}],"wp:term":[{"taxonomy":"category","embeddable":true,"href":"https:\/\/alemadcoffee.com\/en\/wp-json\/wp\/v2\/categories?post=57073"},{"taxonomy":"post_tag","embeddable":true,"href":"https:\/\/alemadcoffee.com\/en\/wp-json\/wp\/v2\/tags?post=57073"}],"curies":[{"name":"wp","href":"https:\/\/api.w.org\/{rel}","templated":true}]}}